{"id":400,"date":"2019-04-15T14:42:57","date_gmt":"2019-04-15T14:42:57","guid":{"rendered":"http:\/\/rdp.cat\/contingut\/?p=400"},"modified":"2019-04-15T14:52:32","modified_gmt":"2019-04-15T14:52:32","slug":"fira-de-tremp-2019-ef3ft","status":"publish","type":"post","link":"https:\/\/rdp.cat\/contingut\/2019\/04\/15\/fira-de-tremp-2019-ef3ft\/","title":{"rendered":"Fira de tremp 2019 &#8211; EF3FT"},"content":{"rendered":"<p>Aquest any els radioaficionats del Pallars tornem a la fira de Tremp, el proper dia<strong> 11 de maig.<\/strong><\/p>\n<p>Ens trobareu a l&#8217;estand amb les nostres r\u00e0dios i antenes.<br \/>\nPodeu passar a saludar, o a fer una mica de R\u00c0DIO.<\/p>\n<p><img loading=\"lazy\" decoding=\"async\" class=\"alignnone size-large wp-image-39\" src=\"http:\/\/rdp.cat\/contingut\/wp-content\/uploads\/2018\/05\/WhatsApp-Image-2018-05-04-at-11.10.57-1024x768.jpeg\" alt=\"\" width=\"625\" height=\"469\" srcset=\"https:\/\/rdp.cat\/contingut\/wp-content\/uploads\/2018\/05\/WhatsApp-Image-2018-05-04-at-11.10.57-1024x768.jpeg 1024w, https:\/\/rdp.cat\/contingut\/wp-content\/uploads\/2018\/05\/WhatsApp-Image-2018-05-04-at-11.10.57-300x225.jpeg 300w, https:\/\/rdp.cat\/contingut\/wp-content\/uploads\/2018\/05\/WhatsApp-Image-2018-05-04-at-11.10.57-768x576.jpeg 768w, https:\/\/rdp.cat\/contingut\/wp-content\/uploads\/2018\/05\/WhatsApp-Image-2018-05-04-at-11.10.57.jpeg 1600w\" sizes=\"auto, (max-width: 625px) 100vw, 625px\" \/><\/p>\n<p>I si no passeu f\u00edsicament, sempre podreu contactar amb nosaltres a les ones.<br \/>\nSortirem amb l&#8217;indicatiu <strong>EF3FT. <\/strong><\/p>\n<p><strong>Recordeu la data: 11 de maig de 2019<\/strong><\/p>\n<p>Us hi esperem!<\/p>\n<p>&nbsp;<\/p>\n","protected":false},"excerpt":{"rendered":"<p>Aquest any els radioaficionats del Pallars tornem a la fira de Tremp, el proper dia 11 de maig. Ens trobareu a l&#8217;estand amb les nostres r\u00e0dios i antenes. Podeu passar a saludar, o a fer una mica de R\u00c0DIO. I si no passeu f\u00edsicament, sempre podreu contactar amb nosaltres a les ones. Sortirem amb l&#8217;indicatiu [&hellip;]<\/p>\n","protected":false},"author":1,"featured_media":0,"comment_status":"open","ping_status":"open","sticky":false,"template":"","format":"standard","meta":{"footnotes":""},"categories":[1],"tags":[],"class_list":["post-400","post","type-post","status-publish","format-standard","hentry","category-hamradio"],"_links":{"self":[{"href":"https:\/\/rdp.cat\/contingut\/wp-json\/wp\/v2\/posts\/400","targetHints":{"allow":["GET"]}}],"collection":[{"href":"https:\/\/rdp.cat\/contingut\/wp-json\/wp\/v2\/posts"}],"about":[{"href":"https:\/\/rdp.cat\/contingut\/wp-json\/wp\/v2\/types\/post"}],"author":[{"embeddable":true,"href":"https:\/\/rdp.cat\/contingut\/wp-json\/wp\/v2\/users\/1"}],"replies":[{"embeddable":true,"href":"https:\/\/rdp.cat\/contingut\/wp-json\/wp\/v2\/comments?post=400"}],"version-history":[{"count":6,"href":"https:\/\/rdp.cat\/contingut\/wp-json\/wp\/v2\/posts\/400\/revisions"}],"predecessor-version":[{"id":407,"href":"https:\/\/rdp.cat\/contingut\/wp-json\/wp\/v2\/posts\/400\/revisions\/407"}],"wp:attachment":[{"href":"https:\/\/rdp.cat\/contingut\/wp-json\/wp\/v2\/media?parent=400"}],"wp:term":[{"taxonomy":"category","embeddable":true,"href":"https:\/\/rdp.cat\/contingut\/wp-json\/wp\/v2\/categories?post=400"},{"taxonomy":"post_tag","embeddable":true,"href":"https:\/\/rdp.cat\/contingut\/wp-json\/wp\/v2\/tags?post=400"}],"curies":[{"name":"wp","href":"https:\/\/api.w.org\/{rel}","templated":true}]}}